{"id":3392,"date":"2019-10-17T20:06:12","date_gmt":"2019-10-17T20:06:12","guid":{"rendered":"http:\/\/www.salvidio.com\/?p=3392"},"modified":"2019-11-14T12:10:36","modified_gmt":"2019-11-14T12:10:36","slug":"valutazioni-aziendali-digitalizzazione-e-crisi-dimpresa-convegno-oiv-novembre-2019","status":"publish","type":"post","link":"https:\/\/www.salvidio.com\/en\/valutazioni-aziendali-digitalizzazione-e-crisi-dimpresa-convegno-oiv-novembre-2019\/","title":{"rendered":"Valutazioni aziendali: digitalizzazione e crisi d\u2019impresa (convegno OIV novembre 2019)"},"content":{"rendered":"<p>Al prossimo convegno OIV (che si terr\u00e0 il <span style=\"color: #993300;\"><a style=\"color: #993300;\" href=\"http:\/\/www.salvidio.com\/valutazioni-aziendali-digitalizzazione-e-crisi-dimpresa-convegno-oiv-novembre-2019\/\">4 novembre prossimo<\/a><\/span>) verranno trattati due temi di particolare importanza ed attualit\u00e0, che meritano attenzione.<\/p>\n<p>Il primo \u00e8 quello dell\u2019impatto della digitalizzazione avanzata sui procedimenti di valutazione. Ne riferir\u00e0 Wolfgang Ballwieser, eminente studioso tedesco docente alla Universit\u00e0 di Monaco, allievo di Adolf Moxter (il \u201cLuigi Guatri\u201d della Germania), che ha gi\u00e0 trattato ampiamente della materia in un saggio pubblicato sulla rivista della EACVA, associazione di valutatori aziendali per lo pi\u00f9 di lingua tedesca, affiliata alla americana NACVA.\u00a0 La digitalizzazione viene affrontata da Ballwiesere sotto molteplici aspetti, fra i quali quello della possibilit\u00e0 di sviluppare delle simulazioni estremamente complesse e ampiamente articolate degli scenari multipli di sviluppo possibile di un\u2019impresa o di un investimento. Tale possibilit\u00e0 dovrebbe rendere, in astratto, pi\u00f9 facile la determinazione di previsioni di natura \u201cmedio probabile\u201d, i cui risultati (flussi finanziari, o econmici che siano) possono essere attualizzati a tassi di sconto che incorporano premi di rischio dedotti dal mercato dei capitali (e, quindi, coerenti con lo scenario \u201cmedio probabile\u201d). In pratica, per\u00f2, \u00e8 difficile e resta sempre affetto da ampia discrezionalit\u00e0, l\u2019attribuire un \u201cpeso\u201d in termini di probabilit\u00e0 a molteplici scenari. Anzi, tanto pi\u00f9 essi sono, tanto maggiore tale difficolt\u00e0.<\/p>\n<p>La seconda relazione che merita di essere segnalata \u00e8 quella di Mauro Bini, che riguarder\u00e0 la valutazione delle aziende in crisi e\/o in procedura concorsuale. Mauro Bini, che non ha bisogno di presentazioni per i cultori italiani delle valutazioni aziendali, ha diretto dal 2016 al 2018 un apposito Gruppo di Lavoro (del quale, come membro del consiglio di gestione dell\u2019OIV dal 2011 al 2018 ho avuto il piacere di fare parte) dedicato alla elaborazione di un \u201cpaper\u201d su questo tema. La bozza del documento, terminata a fine 2017, \u00e8 stata poi congelata in vista della entrata in vigore della Riforma delle procedure concorsuali.\u00a0 Mi auguro che la relazione di Mauro Bini sia il preludio al varo del documento definitivo. Ma anche se cos\u00ec non fosse, \u00e8 un tema d\u2019attualit\u00e0 che i cultori della materia non possono perdere.<\/p>\n<p>Noi di Salvidio &amp; Partners saremo, quindi, presenti tra i partecipanti al convegno, sperando di incontrare i nostri amici appassionati della finanza aziendale e di quella realt\u00e0 eccellente ed italiana che \u00e8 l&#8217;OIV.<\/p>\n<p>Ascanio Salvidio<\/p>\n<p>&nbsp;<\/p>\n","protected":false},"excerpt":{"rendered":"<p>Al prossimo convegno OIV (che si terr\u00e0 il 4 novembre prossimo) verranno trattati due temi di particolare importanza ed attualit\u00e0, che meritano attenzione. Il primo \u00e8 quello dell\u2019impatto della digitalizzazione avanzata sui procedimenti di valutazione. Ne riferir\u00e0 Wolfgang Ballwieser, eminente studioso tedesco docente alla Universit\u00e0 di Monaco, allievo di Adolf Moxter (il \u201cLuigi Guatri\u201d della [&hellip;]<\/p>\n","protected":false},"author":2,"featured_media":0,"comment_status":"open","ping_status":"open","sticky":false,"template":"","format":"standard","meta":{"footnotes":""},"categories":[10,9],"tags":[],"class_list":["post-3392","post","type-post","status-publish","format-standard","hentry","category-attivita","category-documenti-news"],"yoast_head":"<!-- This site is optimized with the Yoast SEO plugin v27.4 - https:\/\/yoast.com\/product\/yoast-seo-wordpress\/ -->\r\n<title>Valutazioni aziendali: digitalizzazione e crisi d\u2019impresa (convegno OIV novembre 2019) - Salvidio &amp; Partners<\/title>\r\n<meta name=\"robots\" content=\"index, follow, max-snippet:-1, max-image-preview:large, max-video-preview:-1\" \/>\r\n<link rel=\"canonical\" href=\"https:\/\/www.salvidio.com\/en\/valutazioni-aziendali-digitalizzazione-e-crisi-dimpresa-convegno-oiv-novembre-2019\/\" \/>\r\n<meta property=\"og:locale\" content=\"en_US\" \/>\r\n<meta property=\"og:type\" content=\"article\" \/>\r\n<meta property=\"og:title\" content=\"Valutazioni aziendali: digitalizzazione e crisi d\u2019impresa (convegno OIV novembre 2019) - Salvidio &amp; Partners\" \/>\r\n<meta property=\"og:description\" content=\"Al prossimo convegno OIV (che si terr\u00e0 il 4 novembre prossimo) verranno trattati due temi di particolare importanza ed attualit\u00e0, che meritano attenzione. Il primo \u00e8 quello dell\u2019impatto della digitalizzazione avanzata sui procedimenti di valutazione. Ne riferir\u00e0 Wolfgang Ballwieser, eminente studioso tedesco docente alla Universit\u00e0 di Monaco, allievo di Adolf Moxter (il \u201cLuigi Guatri\u201d della [&hellip;]\" \/>\r\n<meta property=\"og:url\" content=\"https:\/\/www.salvidio.com\/en\/valutazioni-aziendali-digitalizzazione-e-crisi-dimpresa-convegno-oiv-novembre-2019\/\" \/>\r\n<meta property=\"og:site_name\" content=\"Salvidio &amp; Partners\" \/>\r\n<meta property=\"article:published_time\" content=\"2019-10-17T20:06:12+00:00\" \/>\r\n<meta property=\"article:modified_time\" content=\"2019-11-14T12:10:36+00:00\" \/>\r\n<meta name=\"author\" content=\"Ascanio Salvidio\" \/>\r\n<meta name=\"twitter:card\" content=\"summary_large_image\" \/>\r\n<meta name=\"twitter:label1\" content=\"Written by\" \/>\n\t<meta name=\"twitter:data1\" content=\"Ascanio Salvidio\" \/>\n\t<meta name=\"twitter:label2\" content=\"Est. reading time\" \/>\n\t<meta name=\"twitter:data2\" content=\"2 minutes\" \/>\r\n<script type=\"application\/ld+json\" class=\"yoast-schema-graph\">{\"@context\":\"https:\\\/\\\/schema.org\",\"@graph\":[{\"@type\":\"Article\",\"@id\":\"https:\\\/\\\/www.salvidio.com\\\/en\\\/valutazioni-aziendali-digitalizzazione-e-crisi-dimpresa-convegno-oiv-novembre-2019\\\/#article\",\"isPartOf\":{\"@id\":\"https:\\\/\\\/www.salvidio.com\\\/en\\\/valutazioni-aziendali-digitalizzazione-e-crisi-dimpresa-convegno-oiv-novembre-2019\\\/\"},\"author\":{\"name\":\"Ascanio Salvidio\",\"@id\":\"http:\\\/\\\/www.salvidio.com\\\/en\\\/#\\\/schema\\\/person\\\/1bf559c1a6ce653c7c09ce42bbe86fa2\"},\"headline\":\"Valutazioni aziendali: digitalizzazione e crisi d\u2019impresa (convegno OIV novembre 2019)\",\"datePublished\":\"2019-10-17T20:06:12+00:00\",\"dateModified\":\"2019-11-14T12:10:36+00:00\",\"mainEntityOfPage\":{\"@id\":\"https:\\\/\\\/www.salvidio.com\\\/en\\\/valutazioni-aziendali-digitalizzazione-e-crisi-dimpresa-convegno-oiv-novembre-2019\\\/\"},\"wordCount\":380,\"commentCount\":0,\"publisher\":{\"@id\":\"http:\\\/\\\/www.salvidio.com\\\/en\\\/#organization\"},\"articleSection\":[\"Attivit\u00e0\",\"Documenti\"],\"inLanguage\":\"en-US\",\"potentialAction\":[{\"@type\":\"CommentAction\",\"name\":\"Comment\",\"target\":[\"https:\\\/\\\/www.salvidio.com\\\/en\\\/valutazioni-aziendali-digitalizzazione-e-crisi-dimpresa-convegno-oiv-novembre-2019\\\/#respond\"]}]},{\"@type\":\"WebPage\",\"@id\":\"https:\\\/\\\/www.salvidio.com\\\/en\\\/valutazioni-aziendali-digitalizzazione-e-crisi-dimpresa-convegno-oiv-novembre-2019\\\/\",\"url\":\"https:\\\/\\\/www.salvidio.com\\\/en\\\/valutazioni-aziendali-digitalizzazione-e-crisi-dimpresa-convegno-oiv-novembre-2019\\\/\",\"name\":\"Valutazioni aziendali: digitalizzazione e crisi d\u2019impresa (convegno OIV novembre 2019) - Salvidio &amp; Partners\",\"isPartOf\":{\"@id\":\"http:\\\/\\\/www.salvidio.com\\\/en\\\/#website\"},\"datePublished\":\"2019-10-17T20:06:12+00:00\",\"dateModified\":\"2019-11-14T12:10:36+00:00\",\"breadcrumb\":{\"@id\":\"https:\\\/\\\/www.salvidio.com\\\/en\\\/valutazioni-aziendali-digitalizzazione-e-crisi-dimpresa-convegno-oiv-novembre-2019\\\/#breadcrumb\"},\"inLanguage\":\"en-US\",\"potentialAction\":[{\"@type\":\"ReadAction\",\"target\":[\"https:\\\/\\\/www.salvidio.com\\\/en\\\/valutazioni-aziendali-digitalizzazione-e-crisi-dimpresa-convegno-oiv-novembre-2019\\\/\"]}]},{\"@type\":\"BreadcrumbList\",\"@id\":\"https:\\\/\\\/www.salvidio.com\\\/en\\\/valutazioni-aziendali-digitalizzazione-e-crisi-dimpresa-convegno-oiv-novembre-2019\\\/#breadcrumb\",\"itemListElement\":[{\"@type\":\"ListItem\",\"position\":1,\"name\":\"Home\",\"item\":\"https:\\\/\\\/www.salvidio.com\\\/en\\\/\"},{\"@type\":\"ListItem\",\"position\":2,\"name\":\"Valutazioni aziendali: digitalizzazione e crisi d\u2019impresa (convegno OIV novembre 2019)\"}]},{\"@type\":\"WebSite\",\"@id\":\"http:\\\/\\\/www.salvidio.com\\\/en\\\/#website\",\"url\":\"http:\\\/\\\/www.salvidio.com\\\/en\\\/\",\"name\":\"Salvidio &amp; Partners\",\"description\":\"Dottori Commercialisti e Revisori Contabili\",\"publisher\":{\"@id\":\"http:\\\/\\\/www.salvidio.com\\\/en\\\/#organization\"},\"potentialAction\":[{\"@type\":\"SearchAction\",\"target\":{\"@type\":\"EntryPoint\",\"urlTemplate\":\"http:\\\/\\\/www.salvidio.com\\\/en\\\/?s={search_term_string}\"},\"query-input\":{\"@type\":\"PropertyValueSpecification\",\"valueRequired\":true,\"valueName\":\"search_term_string\"}}],\"inLanguage\":\"en-US\"},{\"@type\":\"Organization\",\"@id\":\"http:\\\/\\\/www.salvidio.com\\\/en\\\/#organization\",\"name\":\"Salvidio &amp; Partners\",\"url\":\"http:\\\/\\\/www.salvidio.com\\\/en\\\/\",\"logo\":{\"@type\":\"ImageObject\",\"inLanguage\":\"en-US\",\"@id\":\"http:\\\/\\\/www.salvidio.com\\\/en\\\/#\\\/schema\\\/logo\\\/image\\\/\",\"url\":\"http:\\\/\\\/www.salvidio.com\\\/wp-content\\\/uploads\\\/2019\\\/05\\\/Logoebook-1.jpg\",\"contentUrl\":\"http:\\\/\\\/www.salvidio.com\\\/wp-content\\\/uploads\\\/2019\\\/05\\\/Logoebook-1.jpg\",\"width\":190,\"height\":60,\"caption\":\"Salvidio &amp; Partners\"},\"image\":{\"@id\":\"http:\\\/\\\/www.salvidio.com\\\/en\\\/#\\\/schema\\\/logo\\\/image\\\/\"}},{\"@type\":\"Person\",\"@id\":\"http:\\\/\\\/www.salvidio.com\\\/en\\\/#\\\/schema\\\/person\\\/1bf559c1a6ce653c7c09ce42bbe86fa2\",\"name\":\"Ascanio Salvidio\",\"image\":{\"@type\":\"ImageObject\",\"inLanguage\":\"en-US\",\"@id\":\"https:\\\/\\\/secure.gravatar.com\\\/avatar\\\/16ba004532f395944d8eee06fa4500f179a193ab3c70e95be93acb21cfe9feba?s=96&d=mm&r=g\",\"url\":\"https:\\\/\\\/secure.gravatar.com\\\/avatar\\\/16ba004532f395944d8eee06fa4500f179a193ab3c70e95be93acb21cfe9feba?s=96&d=mm&r=g\",\"contentUrl\":\"https:\\\/\\\/secure.gravatar.com\\\/avatar\\\/16ba004532f395944d8eee06fa4500f179a193ab3c70e95be93acb21cfe9feba?s=96&d=mm&r=g\",\"caption\":\"Ascanio Salvidio\"}}]}<\/script>\r\n<!-- \/ Yoast SEO plugin. -->","yoast_head_json":{"title":"Valutazioni aziendali: digitalizzazione e crisi d\u2019impresa (convegno OIV novembre 2019) - Salvidio &amp; Partners","robots":{"index":"index","follow":"follow","max-snippet":"max-snippet:-1","max-image-preview":"max-image-preview:large","max-video-preview":"max-video-preview:-1"},"canonical":"https:\/\/www.salvidio.com\/en\/valutazioni-aziendali-digitalizzazione-e-crisi-dimpresa-convegno-oiv-novembre-2019\/","og_locale":"en_US","og_type":"article","og_title":"Valutazioni aziendali: digitalizzazione e crisi d\u2019impresa (convegno OIV novembre 2019) - Salvidio &amp; Partners","og_description":"Al prossimo convegno OIV (che si terr\u00e0 il 4 novembre prossimo) verranno trattati due temi di particolare importanza ed attualit\u00e0, che meritano attenzione. Il primo \u00e8 quello dell\u2019impatto della digitalizzazione avanzata sui procedimenti di valutazione. Ne riferir\u00e0 Wolfgang Ballwieser, eminente studioso tedesco docente alla Universit\u00e0 di Monaco, allievo di Adolf Moxter (il \u201cLuigi Guatri\u201d della [&hellip;]","og_url":"https:\/\/www.salvidio.com\/en\/valutazioni-aziendali-digitalizzazione-e-crisi-dimpresa-convegno-oiv-novembre-2019\/","og_site_name":"Salvidio &amp; Partners","article_published_time":"2019-10-17T20:06:12+00:00","article_modified_time":"2019-11-14T12:10:36+00:00","author":"Ascanio Salvidio","twitter_card":"summary_large_image","twitter_misc":{"Written by":"Ascanio Salvidio","Est. reading time":"2 minutes"},"schema":{"@context":"https:\/\/schema.org","@graph":[{"@type":"Article","@id":"https:\/\/www.salvidio.com\/en\/valutazioni-aziendali-digitalizzazione-e-crisi-dimpresa-convegno-oiv-novembre-2019\/#article","isPartOf":{"@id":"https:\/\/www.salvidio.com\/en\/valutazioni-aziendali-digitalizzazione-e-crisi-dimpresa-convegno-oiv-novembre-2019\/"},"author":{"name":"Ascanio Salvidio","@id":"http:\/\/www.salvidio.com\/en\/#\/schema\/person\/1bf559c1a6ce653c7c09ce42bbe86fa2"},"headline":"Valutazioni aziendali: digitalizzazione e crisi d\u2019impresa (convegno OIV novembre 2019)","datePublished":"2019-10-17T20:06:12+00:00","dateModified":"2019-11-14T12:10:36+00:00","mainEntityOfPage":{"@id":"https:\/\/www.salvidio.com\/en\/valutazioni-aziendali-digitalizzazione-e-crisi-dimpresa-convegno-oiv-novembre-2019\/"},"wordCount":380,"commentCount":0,"publisher":{"@id":"http:\/\/www.salvidio.com\/en\/#organization"},"articleSection":["Attivit\u00e0","Documenti"],"inLanguage":"en-US","potentialAction":[{"@type":"CommentAction","name":"Comment","target":["https:\/\/www.salvidio.com\/en\/valutazioni-aziendali-digitalizzazione-e-crisi-dimpresa-convegno-oiv-novembre-2019\/#respond"]}]},{"@type":"WebPage","@id":"https:\/\/www.salvidio.com\/en\/valutazioni-aziendali-digitalizzazione-e-crisi-dimpresa-convegno-oiv-novembre-2019\/","url":"https:\/\/www.salvidio.com\/en\/valutazioni-aziendali-digitalizzazione-e-crisi-dimpresa-convegno-oiv-novembre-2019\/","name":"Valutazioni aziendali: digitalizzazione e crisi d\u2019impresa (convegno OIV novembre 2019) - Salvidio &amp; Partners","isPartOf":{"@id":"http:\/\/www.salvidio.com\/en\/#website"},"datePublished":"2019-10-17T20:06:12+00:00","dateModified":"2019-11-14T12:10:36+00:00","breadcrumb":{"@id":"https:\/\/www.salvidio.com\/en\/valutazioni-aziendali-digitalizzazione-e-crisi-dimpresa-convegno-oiv-novembre-2019\/#breadcrumb"},"inLanguage":"en-US","potentialAction":[{"@type":"ReadAction","target":["https:\/\/www.salvidio.com\/en\/valutazioni-aziendali-digitalizzazione-e-crisi-dimpresa-convegno-oiv-novembre-2019\/"]}]},{"@type":"BreadcrumbList","@id":"https:\/\/www.salvidio.com\/en\/valutazioni-aziendali-digitalizzazione-e-crisi-dimpresa-convegno-oiv-novembre-2019\/#breadcrumb","itemListElement":[{"@type":"ListItem","position":1,"name":"Home","item":"https:\/\/www.salvidio.com\/en\/"},{"@type":"ListItem","position":2,"name":"Valutazioni aziendali: digitalizzazione e crisi d\u2019impresa (convegno OIV novembre 2019)"}]},{"@type":"WebSite","@id":"http:\/\/www.salvidio.com\/en\/#website","url":"http:\/\/www.salvidio.com\/en\/","name":"Salvidio &amp; Partners","description":"Dottori Commercialisti e Revisori Contabili","publisher":{"@id":"http:\/\/www.salvidio.com\/en\/#organization"},"potentialAction":[{"@type":"SearchAction","target":{"@type":"EntryPoint","urlTemplate":"http:\/\/www.salvidio.com\/en\/?s={search_term_string}"},"query-input":{"@type":"PropertyValueSpecification","valueRequired":true,"valueName":"search_term_string"}}],"inLanguage":"en-US"},{"@type":"Organization","@id":"http:\/\/www.salvidio.com\/en\/#organization","name":"Salvidio &amp; Partners","url":"http:\/\/www.salvidio.com\/en\/","logo":{"@type":"ImageObject","inLanguage":"en-US","@id":"http:\/\/www.salvidio.com\/en\/#\/schema\/logo\/image\/","url":"http:\/\/www.salvidio.com\/wp-content\/uploads\/2019\/05\/Logoebook-1.jpg","contentUrl":"http:\/\/www.salvidio.com\/wp-content\/uploads\/2019\/05\/Logoebook-1.jpg","width":190,"height":60,"caption":"Salvidio &amp; Partners"},"image":{"@id":"http:\/\/www.salvidio.com\/en\/#\/schema\/logo\/image\/"}},{"@type":"Person","@id":"http:\/\/www.salvidio.com\/en\/#\/schema\/person\/1bf559c1a6ce653c7c09ce42bbe86fa2","name":"Ascanio Salvidio","image":{"@type":"ImageObject","inLanguage":"en-US","@id":"https:\/\/secure.gravatar.com\/avatar\/16ba004532f395944d8eee06fa4500f179a193ab3c70e95be93acb21cfe9feba?s=96&d=mm&r=g","url":"https:\/\/secure.gravatar.com\/avatar\/16ba004532f395944d8eee06fa4500f179a193ab3c70e95be93acb21cfe9feba?s=96&d=mm&r=g","contentUrl":"https:\/\/secure.gravatar.com\/avatar\/16ba004532f395944d8eee06fa4500f179a193ab3c70e95be93acb21cfe9feba?s=96&d=mm&r=g","caption":"Ascanio Salvidio"}}]}},"_links":{"self":[{"href":"https:\/\/www.salvidio.com\/en\/wp-json\/wp\/v2\/posts\/3392","targetHints":{"allow":["GET"]}}],"collection":[{"href":"https:\/\/www.salvidio.com\/en\/wp-json\/wp\/v2\/posts"}],"about":[{"href":"https:\/\/www.salvidio.com\/en\/wp-json\/wp\/v2\/types\/post"}],"author":[{"embeddable":true,"href":"https:\/\/www.salvidio.com\/en\/wp-json\/wp\/v2\/users\/2"}],"replies":[{"embeddable":true,"href":"https:\/\/www.salvidio.com\/en\/wp-json\/wp\/v2\/comments?post=3392"}],"version-history":[{"count":7,"href":"https:\/\/www.salvidio.com\/en\/wp-json\/wp\/v2\/posts\/3392\/revisions"}],"predecessor-version":[{"id":3439,"href":"https:\/\/www.salvidio.com\/en\/wp-json\/wp\/v2\/posts\/3392\/revisions\/3439"}],"wp:attachment":[{"href":"https:\/\/www.salvidio.com\/en\/wp-json\/wp\/v2\/media?parent=3392"}],"wp:term":[{"taxonomy":"category","embeddable":true,"href":"https:\/\/www.salvidio.com\/en\/wp-json\/wp\/v2\/categories?post=3392"},{"taxonomy":"post_tag","embeddable":true,"href":"https:\/\/www.salvidio.com\/en\/wp-json\/wp\/v2\/tags?post=3392"}],"curies":[{"name":"wp","href":"https:\/\/api.w.org\/{rel}","templated":true}]}}